{"id":4635,"date":"2015-11-18T09:22:44","date_gmt":"2015-11-18T08:22:44","guid":{"rendered":"http:\/\/bm-land.de\/sicherheit\/?p=4635"},"modified":"2015-11-18T09:23:42","modified_gmt":"2015-11-18T08:23:42","slug":"im-rueckblick-themenwoche-einbruchschutz","status":"publish","type":"post","link":"https:\/\/bm-land.de\/sicherheit\/?p=4635","title":{"rendered":"Im R\u00fcckblick: Themenwoche Einbruchschutz"},"content":{"rendered":"<p><strong>Im R\u00fcckblick: Themenwoche Einbruchschutz<\/strong><\/p>\n<p><img loading=\"lazy\" decoding=\"async\" class=\"alignnone wp-image-3869\" src=\"http:\/\/bm-land.de\/sicherheit\/wp-content\/uploads\/2014\/05\/Stop.jpg\" alt=\"Stop\" width=\"300\" height=\"225\" srcset=\"https:\/\/bm-land.de\/sicherheit\/wp-content\/uploads\/2014\/05\/Stop.jpg 1134w, https:\/\/bm-land.de\/sicherheit\/wp-content\/uploads\/2014\/05\/Stop-300x224.jpg 300w, https:\/\/bm-land.de\/sicherheit\/wp-content\/uploads\/2014\/05\/Stop-1024x767.jpg 1024w\" sizes=\"auto, (max-width: 300px) 100vw, 300px\" \/><\/p>\n<p>Die Anzahl der Wohnungseinbr\u00fcche nimmt jedes Jahr konstant zu. Unter dem Motto &#8222;Eine Stunde mehr f\u00fcr mehr Sicherheit&#8220; informiert die Polizei &#8230;<\/p>\n<p>weiterlesen bei: <a href=\"http:\/\/www.abus.com\/ger\/Service\/News2\/Im-Rueckblick-Themenwoche-Einbruchschutz\" target=\"_blank\">ABUS<\/a><\/p>\n<p>&nbsp;<\/p>\n","protected":false},"excerpt":{"rendered":"<p>Im R\u00fcckblick: Themenwoche Einbruchschutz Die Anzahl der Wohnungseinbr\u00fcche nimmt jedes Jahr konstant zu. Unter dem Motto &#8222;Eine Stunde mehr f\u00fcr mehr Sicherheit&#8220; informiert die Polizei &#8230; weiterlesen bei: ABUS &nbsp;<\/p>\n","protected":false},"author":2,"featured_media":0,"comment_status":"open","ping_status":"open","sticky":false,"template":"","format":"standard","meta":{"footnotes":""},"categories":[1,4,47,37],"tags":[30,83,81,94,139,77,9,120,138,82],"class_list":["post-4635","post","type-post","status-publish","format-standard","hentry","category-news-infos","category-schliesstechnik","category-tipps-tricks","category-tur-und-fenstersicherungen","tag-abus","tag-bad-segeberg","tag-einbruchschutz","tag-kriminalpravention","tag-nicht-bei-mir","tag-schlusseldienst","tag-sicherheitstechnik","tag-sicherheitsysteme","tag-tag-des-einbruchschutzes","tag-usingen"],"_links":{"self":[{"href":"https:\/\/bm-land.de\/sicherheit\/index.php?rest_route=\/wp\/v2\/posts\/4635","targetHints":{"allow":["GET"]}}],"collection":[{"href":"https:\/\/bm-land.de\/sicherheit\/index.php?rest_route=\/wp\/v2\/posts"}],"about":[{"href":"https:\/\/bm-land.de\/sicherheit\/index.php?rest_route=\/wp\/v2\/types\/post"}],"author":[{"embeddable":true,"href":"https:\/\/bm-land.de\/sicherheit\/index.php?rest_route=\/wp\/v2\/users\/2"}],"replies":[{"embeddable":true,"href":"https:\/\/bm-land.de\/sicherheit\/index.php?rest_route=%2Fwp%2Fv2%2Fcomments&post=4635"}],"version-history":[{"count":3,"href":"https:\/\/bm-land.de\/sicherheit\/index.php?rest_route=\/wp\/v2\/posts\/4635\/revisions"}],"predecessor-version":[{"id":4638,"href":"https:\/\/bm-land.de\/sicherheit\/index.php?rest_route=\/wp\/v2\/posts\/4635\/revisions\/4638"}],"wp:attachment":[{"href":"https:\/\/bm-land.de\/sicherheit\/index.php?rest_route=%2Fwp%2Fv2%2Fmedia&parent=4635"}],"wp:term":[{"taxonomy":"category","embeddable":true,"href":"https:\/\/bm-land.de\/sicherheit\/index.php?rest_route=%2Fwp%2Fv2%2Fcategories&post=4635"},{"taxonomy":"post_tag","embeddable":true,"href":"https:\/\/bm-land.de\/sicherheit\/index.php?rest_route=%2Fwp%2Fv2%2Ftags&post=4635"}],"curies":[{"name":"wp","href":"https:\/\/api.w.org\/{rel}","templated":true}]}}